{"id":12,"date":"2018-09-06T15:55:00","date_gmt":"2018-09-06T15:55:00","guid":{"rendered":"https:\/\/www.kvalsoren.no\/magne\/?p=12"},"modified":"2021-11-05T17:38:23","modified_gmt":"2021-11-05T17:38:23","slug":"oppdal-fjellmaraton","status":"publish","type":"post","link":"https:\/\/www.kvalsoren.no\/magne\/2018\/09\/06\/oppdal-fjellmaraton\/","title":{"rendered":"Oppdal Fjellmaraton"},"content":{"rendered":"<span class=\"span-reading-time rt-reading-time\" style=\"display: block;\"><span class=\"rt-label rt-prefix\">Reading Time: <\/span> <span class=\"rt-time\"> 9<\/span> <span class=\"rt-label rt-postfix\">minutes<\/span><\/span>\n<p>Oppdal fjellmaraton er eit l\u00f8p i flott og variert h\u00f8gfjellsterreng i hjartet av trollheimen.&nbsp; Maratondistansen har en god blanding av sugande motbakker, lange fine l\u00f8psstrekker og halsbrekkande nedoverbakker. Traseen g\u00e5r for det meste p\u00e5 sti, men det er og partier &#8220;off track&#8221; Utfordrande elver- og bekkekryssingar har dei og lagt inn.<\/p>\n\n\n\n<p>Det er fleire distanser \u00e5 velge mellom; 42km,22km og fjellmila so fra halveges maratondistanse blir det veldig sosialt p\u00e5 stien etterkvart som&nbsp;halvmaraton og fjellmila-deltakarane kjem inn i same l\u00f8ypetraseen.<\/p>\n\n\n\n<p>Eg fullf\u00f8rde i fjor og l\u00f8pet frista so absolutt til gjentaking, so n\u00e5r eg fekk med meg broder&#8217;n so var det berre til \u00e5 melde seg p\u00e5. Kjekt \u00e5 vere fleire p\u00e5 tur!<\/p>\n\n\n\n<p>Dette vert han sin debut p\u00e5 maraton og m\u00e5let er \u00e5 fullf\u00f8re i god stil. For min eigen del so vil eg i \u00e5r fors\u00f8ke eit h\u00f8gare tempo enn i fjor og dei andre ultral\u00f8pene eg har vore med p\u00e5. Der har det vore mest fokus p\u00e5 \u00e5 fullf\u00f8re. Den mindre distansen og sj\u00f8lve l\u00f8ypetraseen i Oppdal innbydde og motiverte meg til \u00e5 setje eit mykje h\u00f8gare tempo.&nbsp; Fjor\u00e5ret var&nbsp;meir som ei oppleving enn eit &#8220;race&#8221;.<\/p>\n\n\n\n<p>Eg ville og revansjere meg overfor dynafitbakken og i alpinbakken der eg fekk tiln\u00e6rma full stopp i fjor. I etterkant viste det seg \u00e5 skuldast eit trettheitsbrot i eine foten, skada i 2mnd. etterp\u00e5.<\/p>\n\n\n\n<figure class=\"wp-block-image alignnone\"><a href=\"http:\/\/www.kvalsoren.no\/magne\/wp-content\/uploads\/Hoydeprofil1-e1441179992198.jpg\"><img decoding=\"async\" src=\"http:\/\/www.kvalsoren.no\/magne\/wp-content\/uploads\/Hoydeprofil1-e1441179992198.jpg\" alt=\"\" class=\"wp-image-3716\"\/><\/a><figcaption>H\u00f8ydeprofil: foto Enern Oppdal<\/figcaption><\/figure>\n\n\n\n<p>Med bubilen til far reiser me fredags ettermiddag. no ventar ca 5timars k\u00f8yring over to fjelloverganger.<\/p>\n\n\n\n<figure class=\"wp-block-image alignnone\"><a href=\"http:\/\/www.kvalsoren.no\/magne\/wp-content\/uploads\/IMG_20180831_164130_BURST001_COVER-e1547559853984.jpg\"><img decoding=\"async\" src=\"http:\/\/www.kvalsoren.no\/magne\/wp-content\/uploads\/IMG_20180831_164130_BURST001_COVER-1024x575.jpg\" alt=\"\" class=\"wp-image-3643\"\/><\/a><figcaption>Turtagr\u00f8 &#8211; med utsikt mot Store Skagast\u00f8lstind. Ved turtagr\u00f8 startet \u00e5rets Xreid.<\/figcaption><\/figure>\n\n\n\n<figure class=\"wp-block-image alignnone\"><a href=\"http:\/\/www.kvalsoren.no\/magne\/wp-content\/uploads\/IMG_20180831_202950-e1547559876346.jpg\"><img decoding=\"async\" src=\"http:\/\/www.kvalsoren.no\/magne\/wp-content\/uploads\/IMG_20180831_202950-1024x575.jpg\" alt=\"\" class=\"wp-image-3645\"\/><\/a><figcaption>Skyene forsvann etterkvart som me n\u00e6rmet oss Oppdal, Her over Dovrefjell<\/figcaption><\/figure>\n\n\n\n<figure class=\"wp-block-image alignnone\"><a href=\"http:\/\/www.kvalsoren.no\/magne\/wp-content\/uploads\/Snapchat-266365947-e1547559959880.jpg\"><img decoding=\"async\" src=\"http:\/\/www.kvalsoren.no\/magne\/wp-content\/uploads\/Snapchat-266365947-1024x576.jpg\" alt=\"\" class=\"wp-image-3658\"\/><\/a><figcaption>Vel framme i oppdal vart det tid til ein g\u00e5tur i sentrum<\/figcaption><\/figure>\n\n\n\n<figure class=\"wp-block-image alignnone\"><a href=\"http:\/\/www.kvalsoren.no\/magne\/wp-content\/uploads\/Snapchat-1273623850.jpg\"><img decoding=\"async\" src=\"http:\/\/www.kvalsoren.no\/magne\/wp-content\/uploads\/Snapchat-1273623850-169x300.jpg\" alt=\"\" class=\"wp-image-3662\"\/><\/a><figcaption>Alarmen satt til 06:00, frukost og so er me klare!<\/figcaption><\/figure>\n\n\n\n<figure class=\"wp-block-image alignnone\"><a href=\"http:\/\/www.kvalsoren.no\/magne\/wp-content\/uploads\/IMG_20180901_075335-e1547564809998.jpg\"><img decoding=\"async\" src=\"http:\/\/www.kvalsoren.no\/magne\/wp-content\/uploads\/IMG_20180901_075335-1024x768.jpg\" alt=\"\" class=\"wp-image-3646\"\/><\/a><figcaption>15min. f\u00f8r start<\/figcaption><\/figure>\n\n\n\n<figure class=\"wp-block-image\"><a href=\"http:\/\/www.kvalsoren.no\/magne\/wp-content\/uploads\/IMG_20180901_075627-e1536262926601.jpg\"><img decoding=\"async\" src=\"http:\/\/www.kvalsoren.no\/magne\/wp-content\/uploads\/IMG_20180901_075627-1024x575.jpg\" alt=\"\" class=\"wp-image-3647\"\/><\/a><\/figure>\n\n\n\n<p>Luster Telemark klare for 42km.<\/p>\n\n\n\n<p><strong>Start<br><\/strong>kl07 reiste bussen fr\u00e5 Oppdal og etter ein dr\u00f8y halvtime so var me framme ved&nbsp;Gjevilvasshytta der starten for maraton var.<\/p>\n\n\n\n<p>Eg hadde ein plan om \u00e5 legge meg mykje lenger framme i feltet, dette for \u00e5 unng\u00e5 k\u00f8g\u00e5ingen som eg opplevde i fjor.<\/p>\n\n\n\n<p>Eg ynskjer broder&#8217;n lykke til og snik meg framover i feltet sekundene f\u00f8r startskotet.<\/p>\n\n\n\n<p>Grusveg eit lite stykke f\u00f8r me l\u00f8per inn p\u00e5 ein sti innover&nbsp;Gj\u00f8rd\u00f8ldalen. Starten g\u00e5r bra, ser an dei andre deltakarane og justerer tempoet etter kva felt eg vil henge meg p\u00e5. Innover dalen so legg eg meg p\u00e5 halen i det eg trur er felt nr.2 eller 3.<br>Det blir brattare og nokre startar med g\u00e5ing. Eg f\u00f8ler meg pigg og vil l\u00f8pe vidare so reiser forbi dei. Neste felt er komen eit godt stykke framfor meg n\u00e5r stien endrar karakter til meir teknisk bortoverl\u00f8ping. Dette er terreng eg likar meg godt i, langar ut, sm\u00e5hopper over steiner og koser meg skikkeleg.<br>Ut av skogen so ligg eg plutseleg i ryggen p\u00e5 neste felt. Her splittes det, nokre aukar farten og reiser fr\u00e5. Eg roar litt ned, vil ikkje g\u00e5 tom for energi oppi bakkane her. Fyller vatn ved ein bekk,&nbsp; finn fram ein sjokolade for energip\u00e5fyll og tek av meg ullskjorta. sola steiker godt allereie. Unng\u00e5r \u00e5 stoppe, byter kle mens eg g\u00e5r oppover.<\/p>\n\n\n\n<figure class=\"wp-block-image alignnone\"><a href=\"http:\/\/www.kvalsoren.no\/magne\/wp-content\/uploads\/IMG_20180901_084203-e1547558548925.jpg\"><img decoding=\"async\" src=\"http:\/\/www.kvalsoren.no\/magne\/wp-content\/uploads\/IMG_20180901_084203-1024x575.jpg\" alt=\"\" class=\"wp-image-3648\"\/><\/a><figcaption>Oppover mot&nbsp;H\u00f8gh\u00f8a<\/figcaption><\/figure>\n\n\n\n<figure class=\"wp-block-image alignnone\"><a href=\"http:\/\/www.kvalsoren.no\/magne\/wp-content\/uploads\/IMG_20180901_084208-e1547558561317.jpg\"><img decoding=\"async\" src=\"http:\/\/www.kvalsoren.no\/magne\/wp-content\/uploads\/IMG_20180901_084208-1024x575.jpg\" alt=\"\" class=\"wp-image-3649\"\/><\/a><figcaption>Bilde tatt bakover<\/figcaption><\/figure>\n\n\n\n<p>Det f\u00f8rste fjellet f\u00f8lest mykje mindre i \u00e5r enn i fjor, sikkert fordi eg no kjenner att traseen og veit kva som m\u00f8ter oss. Tek da roleg inntil me n\u00e6rmar oss toppen. Folk n\u00e6rmar seg bakfra, ein kjem og forbi meg, aukar tempoet og tek han att igjen rett f\u00f8r toppen, veit at det er fint terreng vidare.<\/p>\n\n\n\n<p>Sp\u00f8r &#8220;vakten&#8221; kor mange som har passert: <em>6-7 stk.<\/em> seier han og eg blir positivt overaska, det var ca 4 stk. i det feltet som eg tok att ved skogen, og so er det da altso kun 2-3 foran der igjen.<\/p>\n\n\n\n<p>No er det mykje moro nedoverl\u00f8ping i slakt og flott h\u00f8gfjellsterreng. Eg klemmer til og ser ingen bak meg lenger n\u00e5r eg kjem ned p\u00e5 flata. Har og teke inn litt p\u00e5 dei foran.<\/p>\n\n\n\n<p><strong>Saltomortale<\/strong><\/p>\n\n\n\n<p>F\u00f8r neste neste motbakke so skjer det som ikkje skal skje&#8230;eg snublar i ein stein og fyk framover.. utruleg nok so f\u00e5r eg til ein fantastisk vridd framoversalto der hender, skulder, albue og hofte i rask rekkef\u00f8lge touchar bakken og f\u00f8rer meg opp p\u00e5 beina igjen. WOW! Imponert over fallteknikken!&nbsp; sjekker skadene. Kun skrubbs\u00e5r, hofta og hendene tok verste st\u00f8yten men absolutt l\u00f8pbart . Heldige der, men og ufokusert da ulukka skjedde p\u00e5 den flataste partiet hittil i l\u00f8pet.<\/p>\n\n\n\n<p>Etter neste topp skjer det same igjen, snubler og faller framover, denne gangen i nedoverbakke. G\u00e5r bra denne gangen ogs\u00e5. roer meg ned til fyrste drikkestasjon p\u00e5 13km.<\/p>\n\n\n\n<p>F\u00f8r stasjonen tek eg att to nederlandske l\u00f8parar, dei susar forbi matstasjonen. eg m\u00e5 ta stoppe her og stramme skolissene for \u00e5 f\u00e5 eit meir stabilt feste. F\u00e5r ein hyggeleg prat med damene her f\u00f8r eg innser at eg m\u00e5 vidare da fleire l\u00f8parar kjem opp til matstasjonen.<\/p>\n\n\n\n<p>Hugsar godt kor eg gjekk og kor eg l\u00f8p i fjor, Ligg og godt an i h\u00f8ve fjor\u00e5rets tid. kilometerene fyker avg\u00e5rde, men meir motbakker no og eg ser at eit felt n\u00e6rmar seg bak meg.<\/p>\n\n\n\n<figure class=\"wp-block-image alignnone\"><a href=\"http:\/\/www.kvalsoren.no\/magne\/wp-content\/uploads\/IMG_20180901_094843-e1547560048892.jpg\"><img decoding=\"async\" src=\"http:\/\/www.kvalsoren.no\/magne\/wp-content\/uploads\/IMG_20180901_094843-1024x575.jpg\" alt=\"\" class=\"wp-image-3650\"\/><\/a><figcaption>1t48 min inn i l\u00f8pet, lagt bak oss eit flott parti med l\u00f8ping.<\/figcaption><\/figure>\n\n\n\n<p>Opp mot siste bakken f\u00f8r halvveges so vert eg borbig\u00e5tt av same deltakaren som p\u00e5 f\u00f8rste fjellet.&nbsp; Han leder godt p\u00e5 meg oppe p\u00e5 toppen. Her g\u00e5r det bratt nedover heilt til asfaltvegen. Lar det &#8220;st\u00e5 til!&#8221; og tek han fort atte. F\u00e5r nok ein bekrefting p\u00e5 at eg gjer det godt i teknisk krevende terreng.<br>Nede ved vegen so har eg oppn\u00e5d ca 1 minutt ledelse.<\/p>\n\n\n\n<p><strong>L\u00e5ra..<\/strong><\/p>\n\n\n\n<p>Det er her eg merker at noko ikkje er heilt bra, begge l\u00e5ra mine setter inn med krampar&#8230;men berre rykkninger, blir ikkje full stopp og f\u00f8ler eg klarer \u00e5 strekke ut f\u00f8tene og rista ut krampa bortover asfalten, t\u00f8r ikkje halde so h\u00f8gt tempo.<\/p>\n\n\n\n<p><strong>Halvveges<\/strong><\/p>\n\n\n\n<p>F\u00f8lgekameraten min tek meg att ved matstasjonen, me pratar om korleis det g\u00e5r, eg pr\u00f8ver \u00e5 vere positiv og bekrefter at me ligg godt an i h\u00f8ve 6 timars pulja me starta i.&nbsp; 2t28min hittil.&nbsp; &#8220;Me g\u00e5r for 5 timar!&#8221; seier eg, vel vitandes om at det er ein monsterbakke som ventar p\u00e5 oss.<\/p>\n\n\n\n<figure class=\"wp-block-image alignnone\"><a href=\"http:\/\/www.kvalsoren.no\/magne\/wp-content\/uploads\/IMG_20180901_102551-e1547560072683.jpg\"><img decoding=\"async\" src=\"http:\/\/www.kvalsoren.no\/magne\/wp-content\/uploads\/IMG_20180901_102551-1024x575.jpg\" alt=\"\" class=\"wp-image-3652\"\/><\/a><figcaption>blide og flinke arrang\u00f8rar<\/figcaption><\/figure>\n\n\n\n<figure class=\"wp-block-image alignnone\"><a href=\"http:\/\/www.kvalsoren.no\/magne\/wp-content\/uploads\/IMG_20180901_102546-e1536263019864.jpg\"><img decoding=\"async\" src=\"http:\/\/www.kvalsoren.no\/magne\/wp-content\/uploads\/IMG_20180901_102546-1024x768.jpg\" alt=\"\" class=\"wp-image-3666\"\/><\/a><figcaption>1. pulje i halvmaraton starta rett bak meg<\/figcaption><\/figure>\n\n\n\n<p>No ventar ein lang og seig motbakke opp mot Storgruvpiken 1389 moh, traseens h\u00f8gaste punkt. F\u00e5r og hundrevis av halvmaratondeltakarar i h\u00e6lane so m\u00e5 mykje ut av stien for \u00e5 sleppe dei forbi.<\/p>\n\n\n\n<p><strong>Leggane, lyska, hofta&#8230;<\/strong><\/p>\n\n\n\n<p>F\u00e5r ikkje opp noko tempo da det rykker i leggene, m\u00e5 stoppe og strekke ut , g\u00e5,&nbsp; strekke og g\u00e5 heilt til toppen. Her er det meir variasjon igjen med lange fine l\u00f8pestrekker og nokre sm\u00e5kuler her og der. Felles for variasjonen er at kvar gong terrenget endrar seg so f\u00e5r eg krampe p\u00e5 ein ny plass. lyskestrekken er vondast.<\/p>\n\n\n\n<figure class=\"wp-block-image alignnone size-large\"><a href=\"https:\/\/www.kvalsoren.no\/magne\/wp-content\/uploads\/2018\/09\/40790378_10156807250533559_6198105070505033728_n.jpg\"><img loading=\"lazy\" decoding=\"async\" width=\"1024\" height=\"683\" src=\"https:\/\/www.kvalsoren.no\/magne\/wp-content\/uploads\/2018\/09\/40790378_10156807250533559_6198105070505033728_n-1024x683.jpg\" alt=\"\" class=\"wp-image-532\" srcset=\"https:\/\/www.kvalsoren.no\/magne\/wp-content\/uploads\/2018\/09\/40790378_10156807250533559_6198105070505033728_n-1024x683.jpg 1024w, https:\/\/www.kvalsoren.no\/magne\/wp-content\/uploads\/2018\/09\/40790378_10156807250533559_6198105070505033728_n-300x200.jpg 300w, https:\/\/www.kvalsoren.no\/magne\/wp-content\/uploads\/2018\/09\/40790378_10156807250533559_6198105070505033728_n-768x512.jpg 768w, https:\/\/www.kvalsoren.no\/magne\/wp-content\/uploads\/2018\/09\/40790378_10156807250533559_6198105070505033728_n-1536x1024.jpg 1536w, https:\/\/www.kvalsoren.no\/magne\/wp-content\/uploads\/2018\/09\/40790378_10156807250533559_6198105070505033728_n-1568x1045.jpg 1568w, https:\/\/www.kvalsoren.no\/magne\/wp-content\/uploads\/2018\/09\/40790378_10156807250533559_6198105070505033728_n.jpg 2048w\" sizes=\"auto, (max-width: 1024px) 100vw, 1024px\" \/><\/a><figcaption>Foto: Stinius Hoseth Skj\u00f8tskift<\/figcaption><\/figure>\n\n\n\n<p>Ser nokre bak meg har maratonstartnummer, no kjem vel maratonpulja som starta kl09 snart ogs\u00e5. Eg klarar \u00e5 henge meg p\u00e5 ei halvm. pulje og f\u00e5r ein grei flyt ein stund . No er det bratt ned til matstasjon og elvekryssinga.<\/p>\n\n\n\n<figure class=\"wp-block-image alignnone\"><a href=\"http:\/\/www.kvalsoren.no\/magne\/wp-content\/uploads\/IMG_20180901_115901-e1536262816461.jpg\"><img decoding=\"async\" src=\"http:\/\/www.kvalsoren.no\/magne\/wp-content\/uploads\/IMG_20180901_115901-1024x575.jpg\" alt=\"\" class=\"wp-image-3653\"\/><\/a><figcaption>Matstasjonen ved&nbsp;Vekveselva<\/figcaption><\/figure>\n\n\n\n<p>Fyller p\u00e5 med energi for no ventar Dynafitbakken eller &#8220;monsterbakken som eg kallar den. Ser f\u00f8lgekameraten min rett foran meg, lar han g\u00e5 f\u00f8rst oppover.<\/p>\n\n\n\n<figure class=\"wp-block-image alignnone size-large\"><a href=\"https:\/\/www.kvalsoren.no\/magne\/wp-content\/uploads\/2021\/11\/40520202_10156806137908559_1782548007800012800_n.jpg\"><img loading=\"lazy\" decoding=\"async\" width=\"1024\" height=\"768\" src=\"https:\/\/www.kvalsoren.no\/magne\/wp-content\/uploads\/2021\/11\/40520202_10156806137908559_1782548007800012800_n-1024x768.jpg\" alt=\"\" class=\"wp-image-533\" srcset=\"https:\/\/www.kvalsoren.no\/magne\/wp-content\/uploads\/2021\/11\/40520202_10156806137908559_1782548007800012800_n-1024x768.jpg 1024w, https:\/\/www.kvalsoren.no\/magne\/wp-content\/uploads\/2021\/11\/40520202_10156806137908559_1782548007800012800_n-300x225.jpg 300w, https:\/\/www.kvalsoren.no\/magne\/wp-content\/uploads\/2021\/11\/40520202_10156806137908559_1782548007800012800_n-768x576.jpg 768w, https:\/\/www.kvalsoren.no\/magne\/wp-content\/uploads\/2021\/11\/40520202_10156806137908559_1782548007800012800_n-1536x1152.jpg 1536w, https:\/\/www.kvalsoren.no\/magne\/wp-content\/uploads\/2021\/11\/40520202_10156806137908559_1782548007800012800_n-1568x1176.jpg 1568w, https:\/\/www.kvalsoren.no\/magne\/wp-content\/uploads\/2021\/11\/40520202_10156806137908559_1782548007800012800_n.jpg 2016w\" sizes=\"auto, (max-width: 1024px) 100vw, 1024px\" \/><\/a><figcaption>Foto:Enern Oppdal<\/figcaption><\/figure>\n\n\n\n<p>I fjor fekk eg meg ein knekk her, det er smal sti med vierkratt rundt so dei som vil g\u00e5 forbi m\u00e5 verkeleg anstrenge seg. Sm\u00e5irriterar meg over dei som lager k\u00f8, har man laget en k\u00f8 bak seg so b\u00f8r man g\u00e5 ut av stien tykkjer eg. Flatar litt meir ut rett f\u00f8r toppen so her blir det mykje heseblesandes forbig\u00e5ing.<\/p>\n\n\n\n<figure class=\"wp-block-image alignnone\"><a href=\"http:\/\/www.kvalsoren.no\/magne\/wp-content\/uploads\/IMG_20180901_123037-e1536262790856.jpg\"><img decoding=\"async\" src=\"http:\/\/www.kvalsoren.no\/magne\/wp-content\/uploads\/IMG_20180901_123037-1024x575.jpg\" alt=\"\" class=\"wp-image-3654\"\/><\/a><figcaption>Glad for \u00e5 sj\u00e5 denne ja, hallelujasteming p\u00e5 toppen.<\/figcaption><\/figure>\n\n\n\n<p>Eg f\u00f8ler meg bra over toppen heilt til me skal begynne \u00e5 l\u00f8pe&#8230;<\/p>\n\n\n\n<p><strong>Stort\u00e5a..<\/strong><\/p>\n\n\n\n<p>Nei, skulle visst ikkje f\u00e5 lov til \u00e5 l\u00f8pe igjen&#8230;for n\u00e5 er det stort\u00e5a som seier fr\u00e5..full stopp igjen! finne ein stein og strekke ut, mens eg ser p\u00e5 at alle eg nettopp har slete meg forbi passere meg att.<\/p>\n\n\n\n<p>&#8220;<em>h\u00e5per det g\u00e5r bra med deg<\/em>&#8221; seier f\u00f8lgekameraten&nbsp; i det han passerer &#8220;<em>h\u00e5per det..<\/em>&#8221; f\u00e5r eg svart litt betenkt.<\/p>\n\n\n\n<p>Eg g\u00e5r no vidare i slakt terreng, finn meg ei deltakar som held eit jamnt tempo, biter tenna samman og heng meg p\u00e5 skoa hennes. Etter&nbsp;St\u00f8lbekken der me set over i lett l\u00f8ping takkar eg ho for det jamne tempoet. Eg vil no til \u00e5 passere, men det vil ikkje kroppen, blir fleire stopp bortover strekka. verkar som om det einaste som duger er bratte oppover eller nedover bakker.<\/p>\n\n\n\n<figure class=\"wp-block-image alignnone size-large\"><a href=\"https:\/\/www.kvalsoren.no\/magne\/wp-content\/uploads\/2021\/11\/40940605_10156817026563559_4564521603865509888_n.jpg\"><img loading=\"lazy\" decoding=\"async\" width=\"1024\" height=\"681\" src=\"https:\/\/www.kvalsoren.no\/magne\/wp-content\/uploads\/2021\/11\/40940605_10156817026563559_4564521603865509888_n-1024x681.jpg\" alt=\"\" class=\"wp-image-534\" srcset=\"https:\/\/www.kvalsoren.no\/magne\/wp-content\/uploads\/2021\/11\/40940605_10156817026563559_4564521603865509888_n-1024x681.jpg 1024w, https:\/\/www.kvalsoren.no\/magne\/wp-content\/uploads\/2021\/11\/40940605_10156817026563559_4564521603865509888_n-300x200.jpg 300w, https:\/\/www.kvalsoren.no\/magne\/wp-content\/uploads\/2021\/11\/40940605_10156817026563559_4564521603865509888_n-768x511.jpg 768w, https:\/\/www.kvalsoren.no\/magne\/wp-content\/uploads\/2021\/11\/40940605_10156817026563559_4564521603865509888_n.jpg 1500w\" sizes=\"auto, (max-width: 1024px) 100vw, 1024px\" \/><\/a><figcaption>Foto: Tommy R\u00f8nningen<\/figcaption><\/figure>\n\n\n\n<p>Glad for at me no n\u00e6rmar oss alpinbakken, den skal eg revansjere! F\u00e5r opp eit greitt tempo heilt ned til oppdal no, tek til og med att nokre.<\/p>\n\n\n\n<p>N\u00e5r det flater ut igjen i byggefeltet so ventar krampa p\u00e5 meg igjen, finn meg ei fin telefonstolpe, takkar husnaboen for l\u00e5net og haltar vidare f\u00f8r ein ny stopp i undergangen. Berre ein liten motbakke no f\u00f8r spurten inn mot m\u00e5l so herifr\u00e5 g\u00e5r det p\u00e5 rein vilje!<\/p>\n\n\n\n<p>Eg faller over m\u00e5llinja og f\u00e5r ligge i ro inntil krampa tek tak og ein arrang\u00f8r kjem innom for \u00e5 sjekke om alt er bra med meg.<\/p>\n\n\n\n<figure class=\"wp-block-image alignnone size-full\"><a href=\"https:\/\/www.kvalsoren.no\/magne\/wp-content\/uploads\/2021\/11\/40487973_10156804810063559_3601315431857520640_n.jpg\"><img loading=\"lazy\" decoding=\"async\" width=\"720\" height=\"960\" src=\"https:\/\/www.kvalsoren.no\/magne\/wp-content\/uploads\/2021\/11\/40487973_10156804810063559_3601315431857520640_n.jpg\" alt=\"\" class=\"wp-image-535\" srcset=\"https:\/\/www.kvalsoren.no\/magne\/wp-content\/uploads\/2021\/11\/40487973_10156804810063559_3601315431857520640_n.jpg 720w, https:\/\/www.kvalsoren.no\/magne\/wp-content\/uploads\/2021\/11\/40487973_10156804810063559_3601315431857520640_n-225x300.jpg 225w\" sizes=\"auto, (max-width: 720px) 100vw, 720px\" \/><\/a><figcaption>Eit bilde seier meir enn tusen ord seier dei. EG ER I M\u00c5L! Foto: Eneren Oppdal<\/figcaption><\/figure>\n\n\n\n<p>Eg takkar og let dei ta eit bilete f\u00f8r eg stavrar meg ut av m\u00e5lomr\u00e5det.<\/p>\n\n\n\n<p>Tek opp telefonen og sjekkar p\u00e5 Race one appen kordan brodern ligg an. Han er godt p\u00e5 veg komen, forventa m\u00e5lgang innen ein 1\/2 time.<br>Ser i live-rankingen at det kun er ein i aldersklassen min som har komen i m\u00e5l, og han starta kl09. Spennende \u00e5 sj\u00e5 korleis dette blir plasseringsmessig.<\/p>\n\n\n\n<p>Henter droppsekk og heiar brodern inn i m\u00e5l, har slete med kramper han og, men virkar godt forn\u00f8gd med l\u00f8ypa og l\u00f8pet elles.<\/p>\n\n\n\n<figure class=\"wp-block-image alignnone\"><a href=\"http:\/\/www.kvalsoren.no\/magne\/wp-content\/uploads\/IMG_20180901_141035_BURST009-1.jpg\"><img decoding=\"async\" src=\"http:\/\/www.kvalsoren.no\/magne\/wp-content\/uploads\/IMG_20180901_141035_BURST009-1-1024x575.jpg\" alt=\"\" class=\"wp-image-3693\"\/><\/a><figcaption>Brodern mot m\u00e5l<\/figcaption><\/figure>\n\n\n\n<p>Tida mi vert 5t40min, det er ca. 50 minutt forbetring fr\u00e5 i fjor so forn\u00f8gd med det.<\/p>\n\n\n\n<p>Resultatmessigt vert det ein 15. plass p\u00e5 meg og 21. p\u00e5 brodern av totalt 33 fullf\u00f8rde i \u00e5rsklassen. Med eit optimalt l\u00f8p so hadde eg h\u00e5pt p\u00e5 ein topp 10 plassering, ser at eg hadde nok vore der om ikkje krampeproblemene hadde teke meg, men h\u00f8yrer og at det ikkje berre er eg som har slete med kramper i dag.&nbsp; Vinnaren hadde og kramper fr\u00e5 22km. Pulja som starta kl09 har nok likevel hatt ein greiare tur med tanke p\u00e5 antall deltakarar i l\u00f8ypa. vart mykje stopp for \u00e5 slippe forbi halvmaraton-deltakarane for oss som startet kl08.<\/p>\n\n\n\n<p>Opptreningen til l\u00f8pet skulle nok vore betre &#8211;&nbsp; lenge sidan ein langtur no, so alt-i-alt eit hederleg fors\u00f8k p\u00e5 \u00e5 l\u00f8pe eit fjellmaraton med litt tempo.<\/p>\n\n\n\n<figure class=\"wp-block-image\"><a href=\"http:\/\/www.kvalsoren.no\/magne\/wp-content\/uploads\/40532735_2245228142373964_4651143225845743616_n.jpg\"><img decoding=\"async\" src=\"http:\/\/www.kvalsoren.no\/magne\/wp-content\/uploads\/40532735_2245228142373964_4651143225845743616_n-1024x576.jpg\" alt=\"\" class=\"wp-image-3694\"\/><\/a><\/figure>\n\n\n\n<figure class=\"wp-block-image\"><a href=\"http:\/\/www.kvalsoren.no\/magne\/wp-content\/uploads\/Snapchat-714918805.jpg\"><img decoding=\"async\" src=\"http:\/\/www.kvalsoren.no\/magne\/wp-content\/uploads\/Snapchat-714918805-1024x576.jpg\" alt=\"\" class=\"wp-image-3660\"\/><\/a><\/figure>\n\n\n\n<figure class=\"wp-block-image alignnone\"><a href=\"http:\/\/www.kvalsoren.no\/magne\/wp-content\/uploads\/Snapchat-273486489.jpg\"><img decoding=\"async\" src=\"http:\/\/www.kvalsoren.no\/magne\/wp-content\/uploads\/Snapchat-273486489-576x1024.jpg\" alt=\"\" class=\"wp-image-3659\"\/><\/a><figcaption>Smakte godt med pizza og utepils etter l\u00f8pet<\/figcaption><\/figure>\n\n\n\n<p>Utelivet i Oppdal p\u00e5 kvelden er det ikkje mykje \u00e5 skrive om, det vart ein g\u00e5tur i sentrum f\u00f8r me tok kvelden.<\/p>\n\n\n\n<figure class=\"wp-block-image alignnone\"><a href=\"http:\/\/www.kvalsoren.no\/magne\/wp-content\/uploads\/IMG_20180902_121404-e1536262747994.jpg\"><img decoding=\"async\" src=\"http:\/\/www.kvalsoren.no\/magne\/wp-content\/uploads\/IMG_20180902_121404-1024x575.jpg\" alt=\"\" class=\"wp-image-3656\"\/><\/a><figcaption>P\u00e5 heimtur g\u00e5r me oppom utsiktspunktet mot sn\u00f8hetta, her har dei satt opp ei &#8220;hytte&#8221; med ei flott glasfasade mot sn\u00f8hetta og omr\u00e5det rundt.<\/figcaption><\/figure>\n\n\n\n<figure class=\"wp-block-image\"><a href=\"http:\/\/www.kvalsoren.no\/magne\/magne\/wp-content\/uploads\/Snapchat-1738554578.jpg\"><img decoding=\"async\" src=\"http:\/\/www.kvalsoren.no\/magne\/wp-content\/uploads\/Snapchat-1738554578-1024x576.jpg\" alt=\"\" class=\"wp-image-3664\"\/><\/a><\/figure>\n\n\n\n<figure class=\"wp-block-image alignnone\"><a href=\"http:\/\/www.kvalsoren.no\/magne\/wp-content\/uploads\/Snapchat-70252771.jpg\"><img decoding=\"async\" src=\"http:\/\/www.kvalsoren.no\/magne\/wp-content\/uploads\/Snapchat-70252771-1024x576.jpg\" alt=\"\" class=\"wp-image-3657\"\/><\/a><figcaption>Dei s\u00e5g visst moskus nedi dalen her<\/figcaption><\/figure>\n\n\n\n<p>Oppdal Fjellmaraton m\u00e5 vere eit av noregs flottaste fjelll\u00f8p!!! Fantastisk natur og ein flott trase med proffe arrang\u00f8rar!<\/p>\n\n\n\n<p>Med fleire ulike distanser so har dei og f\u00e5tt det til \u00e5 bli eit stort og bra bredde-arrangement. Eg er skikkeleg imponert over alle deltakarar og arrang\u00f8rar. Flott og med medalje og t\u00f8ff caps i \u00e5r!<\/p>\n\n\n\n<p>Om eg skal trekke fram noko negativt so er det det \u00e5 premiere folk i timesvis etter l\u00f8pet heilt interessel\u00f8st. Det trur eg dei som vinner og tykkjer. Eg merka meg dette i fjor og i \u00e5r trakk det enda lenger ut. Hedre heller dei beste med ein felles premiering etterkvart, dermed f\u00e5r speaker og publikum meir fokus p\u00e5 alle l\u00f8parane og bredden som fortsatt kjem i m\u00e5l. Unntaket m\u00e5 vere for dei yngste for der er framtida!<\/p>\n\n\n\n<p>Takk for at du ville lese dette turinnlegget.<\/p>\n\n\n\n<p><strong>Sko<\/strong>: Salomon XA Enduro &#8211; <em>Sko som leverte nok ein gong. Godt feste og liten slitasje p\u00e5 f\u00f8tene. fast og godt dempa sko. eneste usikkerhetsmomentet er at eg f\u00f8ler eg snubler mer med desse enn andre sko.<\/em><\/p>\n\n\n\n<p>Klokke: Garmin Forerunner 310XT<\/p>\n\n\n\n<p><strong>Sett p\u00e5 stien:<\/strong> <a href=\"https:\/\/www.facebook.com\/enernoppdal\/photos\/a.10156807199738559\/10156807238398559\/?type=3&amp;theater\">Den lille hunden<\/a> <em>som gruste oss p\u00e5 stien, skulle hatt skritt-teljar p\u00e5 den.&nbsp;<\/em><\/p>\n\n\n\n<p><iframe loading=\"lazy\" src=\"https:\/\/www.strava.com\/activities\/1815241010\/embed\/0fff35730dde748995cb8bf2f7b2797afcc61a91\" width=\"590\" height=\"405\" frameborder=\"0\" scrolling=\"no\"><\/iframe><\/p>\n","protected":false},"excerpt":{"rendered":"<p><span class=\"span-reading-time rt-reading-time\" style=\"display: block;\"><span class=\"rt-label rt-prefix\">Reading Time: <\/span> <span class=\"rt-time\"> 9<\/span> <span class=\"rt-label rt-postfix\">minutes<\/span><\/span>Oppdal fjellmaraton er eit l\u00f8p i flott og variert h\u00f8gfjellsterreng i hjartet av trollheimen.&nbsp; Maratondistansen har en god blanding av sugande motbakker, lange fine l\u00f8psstrekker og halsbrekkande nedoverbakker. Traseen g\u00e5r for det meste p\u00e5 sti, men det er og partier &#8220;off track&#8221; Utfordrande elver- og bekkekryssingar har dei og lagt inn. Det er fleire distanser&hellip; <a class=\"more-link\" href=\"https:\/\/www.kvalsoren.no\/magne\/2018\/09\/06\/oppdal-fjellmaraton\/\">Continue reading <span class=\"screen-reader-text\">Oppdal Fjellmaraton<\/span><\/a><\/p>\n","protected":false},"author":1,"featured_media":534,"comment_status":"closed","ping_status":"open","sticky":false,"template":"","format":"standard","meta":{"footnotes":""},"categories":[1],"tags":[],"class_list":["post-12","post","type-post","status-publish","format-standard","has-post-thumbnail","hentry","category-uncategorized","entry"],"_links":{"self":[{"href":"https:\/\/www.kvalsoren.no\/magne\/wp-json\/wp\/v2\/posts\/12","targetHints":{"allow":["GET"]}}],"collection":[{"href":"https:\/\/www.kvalsoren.no\/magne\/wp-json\/wp\/v2\/posts"}],"about":[{"href":"https:\/\/www.kvalsoren.no\/magne\/wp-json\/wp\/v2\/types\/post"}],"author":[{"embeddable":true,"href":"https:\/\/www.kvalsoren.no\/magne\/wp-json\/wp\/v2\/users\/1"}],"replies":[{"embeddable":true,"href":"https:\/\/www.kvalsoren.no\/magne\/wp-json\/wp\/v2\/comments?post=12"}],"version-history":[{"count":3,"href":"https:\/\/www.kvalsoren.no\/magne\/wp-json\/wp\/v2\/posts\/12\/revisions"}],"predecessor-version":[{"id":536,"href":"https:\/\/www.kvalsoren.no\/magne\/wp-json\/wp\/v2\/posts\/12\/revisions\/536"}],"wp:featuredmedia":[{"embeddable":true,"href":"https:\/\/www.kvalsoren.no\/magne\/wp-json\/wp\/v2\/media\/534"}],"wp:attachment":[{"href":"https:\/\/www.kvalsoren.no\/magne\/wp-json\/wp\/v2\/media?parent=12"}],"wp:term":[{"taxonomy":"category","embeddable":true,"href":"https:\/\/www.kvalsoren.no\/magne\/wp-json\/wp\/v2\/categories?post=12"},{"taxonomy":"post_tag","embeddable":true,"href":"https:\/\/www.kvalsoren.no\/magne\/wp-json\/wp\/v2\/tags?post=12"}],"curies":[{"name":"wp","href":"https:\/\/api.w.org\/{rel}","templated":true}]}}